{"id":3041,"date":"2019-01-04T14:49:01","date_gmt":"2019-01-04T13:49:01","guid":{"rendered":"http:\/\/www.ltwelschbillig.de\/?p=3041"},"modified":"2019-01-04T14:43:50","modified_gmt":"2019-01-04T13:43:50","slug":"jahreshauptversammlung-am-freitag-den-11-maerz-2016","status":"publish","type":"post","link":"https:\/\/www.ltwelschbillig.de\/?p=3041","title":{"rendered":"Jahreshauptversammlung am Freitag, den 15. M\u00e4rz 2019"},"content":{"rendered":"<p>Liebe Vereinsmitglieder, hiermit laden wir Euch zur diesj\u00e4hrigen Jahreshauptversammlung ein. Diese findet am Freitag, den 15. M\u00e4rz 2019, um 20&nbsp;Uhr im kleinen Sitzungssaal in der Kultur- und Marktscheune statt.<\/p>\n<p><strong>Folgende Punkte stehen auf der Tagesordnung:<\/strong><\/p>\n<table width=\"1031\" style=\"height: 396px;\">\n<tbody>\n<tr>\n<td width=\"293\">1. Er\u00f6ffnung<\/td>\n<td width=\"369\">8. Entlastung des Vorstandes<\/td>\n<\/tr>\n<tr>\n<td width=\"293\">2. Wahl des Protokollf\u00fchrerer<\/td>\n<td width=\"369\">9. Wahl des Wahlleiters<\/td>\n<\/tr>\n<tr>\n<td width=\"293\">3. Bericht der Vorsitzenden \u00fcber das Jahr 2018<\/td>\n<td width=\"369\">10. Neuwahlen des Vorstandes<\/td>\n<\/tr>\n<tr>\n<td width=\"293\">4. Berichte der einzelnen Abteilungen<\/td>\n<td width=\"369\">11. Neuwahlen der Kassenpr\u00fcfer<\/td>\n<\/tr>\n<tr>\n<td width=\"293\">5. Bericht des Kassierers<\/td>\n<td width=\"369\">12. Vereinscup 2019<\/td>\n<\/tr>\n<tr>\n<td width=\"293\">6. Bericht der Kassenpr\u00fcfer<\/td>\n<td width=\"369\">13.&nbsp;Geplante Veranstaltungen 2019<\/td>\n<\/tr>\n<tr>\n<td width=\"293\">7. Entlastung des Kassierers<\/td>\n<td width=\"369\">14. Verschiedenes<\/td>\n<\/tr>\n<\/tbody>\n<\/table>\n<p>Antr\u00e4ge zur Jahreshauptversammlung k\u00f6nnen bis zum <strong>01.03.2019<\/strong> bei Diana Biegel eingereicht werden.<\/p>\n\n\n<p><\/p>\n","protected":false},"excerpt":{"rendered":"<p>Liebe Vereinsmitglieder, hiermit laden wir Euch zur diesj\u00e4hrigen Jahreshauptversammlung ein. Diese findet am Freitag, den 15. M\u00e4rz 2019, um 20&nbsp;Uhr im kleinen Sitzungssaal in der Kultur- und Marktscheune statt. Folgende Punkte stehen auf der Tagesordnung: 1. Er\u00f6ffnung 8. Entlastung des Vorstandes 2. Wahl des Protokollf\u00fchrerer 9. Wahl des Wahlleiters 3. Bericht der Vorsitzenden \u00fcber das&hellip; <a class=\"more-link\" href=\"https:\/\/www.ltwelschbillig.de\/?p=3041\"><span class=\"screen-reader-text\">Jahreshauptversammlung am Freitag, den 15. M\u00e4rz 2019<\/span> weiterlesen<\/a><\/p>\n","protected":false},"author":2,"featured_media":0,"comment_status":"closed","ping_status":"closed","sticky":false,"template":"","format":"standard","meta":{"footnotes":""},"categories":[1],"tags":[],"class_list":["post-3041","post","type-post","status-publish","format-standard","hentry","category-uncategorized","entry"],"_links":{"self":[{"href":"https:\/\/www.ltwelschbillig.de\/index.php?rest_route=\/wp\/v2\/posts\/3041","targetHints":{"allow":["GET"]}}],"collection":[{"href":"https:\/\/www.ltwelschbillig.de\/index.php?rest_route=\/wp\/v2\/posts"}],"about":[{"href":"https:\/\/www.ltwelschbillig.de\/index.php?rest_route=\/wp\/v2\/types\/post"}],"author":[{"embeddable":true,"href":"https:\/\/www.ltwelschbillig.de\/index.php?rest_route=\/wp\/v2\/users\/2"}],"replies":[{"embeddable":true,"href":"https:\/\/www.ltwelschbillig.de\/index.php?rest_route=%2Fwp%2Fv2%2Fcomments&post=3041"}],"version-history":[{"count":10,"href":"https:\/\/www.ltwelschbillig.de\/index.php?rest_route=\/wp\/v2\/posts\/3041\/revisions"}],"predecessor-version":[{"id":3208,"href":"https:\/\/www.ltwelschbillig.de\/index.php?rest_route=\/wp\/v2\/posts\/3041\/revisions\/3208"}],"wp:attachment":[{"href":"https:\/\/www.ltwelschbillig.de\/index.php?rest_route=%2Fwp%2Fv2%2Fmedia&parent=3041"}],"wp:term":[{"taxonomy":"category","embeddable":true,"href":"https:\/\/www.ltwelschbillig.de\/index.php?rest_route=%2Fwp%2Fv2%2Fcategories&post=3041"},{"taxonomy":"post_tag","embeddable":true,"href":"https:\/\/www.ltwelschbillig.de\/index.php?rest_route=%2Fwp%2Fv2%2Ftags&post=3041"}],"curies":[{"name":"wp","href":"https:\/\/api.w.org\/{rel}","templated":true}]}}