{"id":3243,"date":"2021-04-06T11:04:23","date_gmt":"2021-04-06T09:04:23","guid":{"rendered":"https:\/\/www.ltwelschbillig.de\/?p=3243"},"modified":"2021-04-06T11:04:23","modified_gmt":"2021-04-06T09:04:23","slug":"jahreshauptversammlung","status":"publish","type":"post","link":"https:\/\/www.ltwelschbillig.de\/?p=3243","title":{"rendered":"Jahreshauptversammlung"},"content":{"rendered":"<p>Liebe Vereinsmitglieder,<br \/>\nlaut Vereinssatzung m\u00fcssen wir in den ersten 4 Monaten eine Jahreshauptversammlung durchf\u00fchren. Leider ist dies durch Corona zurzeit nicht m\u00f6glich und es ist nicht absehbar, wann es wieder m\u00f6glich sein wird.<br \/>\nWir werden zu einem sp\u00e4teren Zeitpunkt eine Jahreshauptversammlung veranstalten und teilen euch rechtzeitig den Termin mit.<br \/>\nBleibt gesund.<br \/>\nEuer Vorstand vom Lauftreff Welschbillig e.V.<\/p>\n","protected":false},"excerpt":{"rendered":"<p>Liebe Vereinsmitglieder, laut Vereinssatzung m\u00fcssen wir in den ersten 4 Monaten eine Jahreshauptversammlung durchf\u00fchren. Leider ist dies durch Corona zurzeit nicht m\u00f6glich und es ist nicht absehbar, wann es wieder m\u00f6glich sein wird. Wir werden zu einem sp\u00e4teren Zeitpunkt eine Jahreshauptversammlung veranstalten und teilen euch rechtzeitig den Termin mit. Bleibt gesund. Euer Vorstand vom Lauftreff&hellip; <a class=\"more-link\" href=\"https:\/\/www.ltwelschbillig.de\/?p=3243\"><span class=\"screen-reader-text\">Jahreshauptversammlung<\/span> weiterlesen<\/a><\/p>\n","protected":false},"author":2,"featured_media":0,"comment_status":"closed","ping_status":"closed","sticky":false,"template":"","format":"aside","meta":{"footnotes":""},"categories":[1],"tags":[],"class_list":["post-3243","post","type-post","status-publish","format-aside","hentry","category-uncategorized","post_format-post-format-aside","entry"],"_links":{"self":[{"href":"https:\/\/www.ltwelschbillig.de\/index.php?rest_route=\/wp\/v2\/posts\/3243","targetHints":{"allow":["GET"]}}],"collection":[{"href":"https:\/\/www.ltwelschbillig.de\/index.php?rest_route=\/wp\/v2\/posts"}],"about":[{"href":"https:\/\/www.ltwelschbillig.de\/index.php?rest_route=\/wp\/v2\/types\/post"}],"author":[{"embeddable":true,"href":"https:\/\/www.ltwelschbillig.de\/index.php?rest_route=\/wp\/v2\/users\/2"}],"replies":[{"embeddable":true,"href":"https:\/\/www.ltwelschbillig.de\/index.php?rest_route=%2Fwp%2Fv2%2Fcomments&post=3243"}],"version-history":[{"count":1,"href":"https:\/\/www.ltwelschbillig.de\/index.php?rest_route=\/wp\/v2\/posts\/3243\/revisions"}],"predecessor-version":[{"id":3244,"href":"https:\/\/www.ltwelschbillig.de\/index.php?rest_route=\/wp\/v2\/posts\/3243\/revisions\/3244"}],"wp:attachment":[{"href":"https:\/\/www.ltwelschbillig.de\/index.php?rest_route=%2Fwp%2Fv2%2Fmedia&parent=3243"}],"wp:term":[{"taxonomy":"category","embeddable":true,"href":"https:\/\/www.ltwelschbillig.de\/index.php?rest_route=%2Fwp%2Fv2%2Fcategories&post=3243"},{"taxonomy":"post_tag","embeddable":true,"href":"https:\/\/www.ltwelschbillig.de\/index.php?rest_route=%2Fwp%2Fv2%2Ftags&post=3243"}],"curies":[{"name":"wp","href":"https:\/\/api.w.org\/{rel}","templated":true}]}}