{"id":3247,"date":"2021-06-21T15:53:24","date_gmt":"2021-06-21T13:53:24","guid":{"rendered":"https:\/\/www.ltwelschbillig.de\/?p=3247"},"modified":"2021-06-21T15:54:06","modified_gmt":"2021-06-21T13:54:06","slug":"jahreshauptversammlung-am-freitag-den-23-juli-2021","status":"publish","type":"post","link":"https:\/\/www.ltwelschbillig.de\/?p=3247","title":{"rendered":"Jahreshauptversammlung am Freitag, den 23. Juli 2021"},"content":{"rendered":"<p>Liebe Vereinsmitglieder, hiermit laden wir Euch zur diesj\u00e4hrigen Jahreshauptversammlung ein. Diese findet am Freitag, den 23. Juli 2021, um 20 Uhr in der gro\u00dfen Halle der Kultur- und Marktscheune statt.<\/p>\r\n<p><strong>Folgende Punkte stehen auf der Tagesordnung:<\/strong><\/p>\r\n<table style=\"height: 396px;\" width=\"1031\">\r\n<tbody>\r\n<tr>\r\n<td width=\"293\">1. Er\u00f6ffnung<\/td>\r\n<td width=\"369\">8. Entlastung des Vorstandes<\/td>\r\n<\/tr>\r\n<tr>\r\n<td width=\"293\">2. Wahl des Protokollf\u00fchrers<\/td>\r\n<td width=\"369\">9. Wahl des Wahlleiters<\/td>\r\n<\/tr>\r\n<tr>\r\n<td width=\"293\">3. Bericht der Vorsitzenden \u00fcber das Jahr 2020<\/td>\r\n<td width=\"369\">10. Neuwahlen des Vorstandes<\/td>\r\n<\/tr>\r\n<tr>\r\n<td width=\"293\">4. Berichte der einzelnen Abteilungen<\/td>\r\n<td width=\"369\">11. Neuwahlen der Kassenpr\u00fcfer<\/td>\r\n<\/tr>\r\n<tr>\r\n<td width=\"293\">5. Bericht des Kassierers<\/td>\r\n<td width=\"369\">12. Vereinscup 2021<\/td>\r\n<\/tr>\r\n<tr>\r\n<td width=\"293\">6. Bericht der Kassenpr\u00fcfer<\/td>\r\n<td width=\"369\">13. Geplante Veranstaltungen 2021<\/td>\r\n<\/tr>\r\n<tr>\r\n<td width=\"293\">7. Entlastung des Kassierers<\/td>\r\n<td width=\"369\">14. Verschiedenes<\/td>\r\n<\/tr>\r\n<\/tbody>\r\n<\/table>\r\n<p>Antr\u00e4ge zur Jahreshauptversammlung k\u00f6nnen bis zum <b>16.07.2021 <\/b>bei Diana Biegel eingereicht werden.<\/p>\r\n\r\n<p>&nbsp;<\/p>\r\n","protected":false},"excerpt":{"rendered":"<p>Liebe Vereinsmitglieder, hiermit laden wir Euch zur diesj\u00e4hrigen Jahreshauptversammlung ein. Diese findet am Freitag, den 23. Juli 2021, um 20 Uhr in der gro\u00dfen Halle der Kultur- und Marktscheune statt. Folgende Punkte stehen auf der Tagesordnung: 1. Er\u00f6ffnung 8. Entlastung des Vorstandes 2. Wahl des Protokollf\u00fchrers 9. Wahl des Wahlleiters 3. Bericht der Vorsitzenden \u00fcber&hellip; <a class=\"more-link\" href=\"https:\/\/www.ltwelschbillig.de\/?p=3247\"><span class=\"screen-reader-text\">Jahreshauptversammlung am Freitag, den 23. Juli 2021<\/span> weiterlesen<\/a><\/p>\n","protected":false},"author":2,"featured_media":0,"comment_status":"closed","ping_status":"closed","sticky":false,"template":"","format":"aside","meta":{"footnotes":""},"categories":[1],"tags":[],"class_list":["post-3247","post","type-post","status-publish","format-aside","hentry","category-uncategorized","post_format-post-format-aside","entry"],"_links":{"self":[{"href":"https:\/\/www.ltwelschbillig.de\/index.php?rest_route=\/wp\/v2\/posts\/3247","targetHints":{"allow":["GET"]}}],"collection":[{"href":"https:\/\/www.ltwelschbillig.de\/index.php?rest_route=\/wp\/v2\/posts"}],"about":[{"href":"https:\/\/www.ltwelschbillig.de\/index.php?rest_route=\/wp\/v2\/types\/post"}],"author":[{"embeddable":true,"href":"https:\/\/www.ltwelschbillig.de\/index.php?rest_route=\/wp\/v2\/users\/2"}],"replies":[{"embeddable":true,"href":"https:\/\/www.ltwelschbillig.de\/index.php?rest_route=%2Fwp%2Fv2%2Fcomments&post=3247"}],"version-history":[{"count":3,"href":"https:\/\/www.ltwelschbillig.de\/index.php?rest_route=\/wp\/v2\/posts\/3247\/revisions"}],"predecessor-version":[{"id":3250,"href":"https:\/\/www.ltwelschbillig.de\/index.php?rest_route=\/wp\/v2\/posts\/3247\/revisions\/3250"}],"wp:attachment":[{"href":"https:\/\/www.ltwelschbillig.de\/index.php?rest_route=%2Fwp%2Fv2%2Fmedia&parent=3247"}],"wp:term":[{"taxonomy":"category","embeddable":true,"href":"https:\/\/www.ltwelschbillig.de\/index.php?rest_route=%2Fwp%2Fv2%2Fcategories&post=3247"},{"taxonomy":"post_tag","embeddable":true,"href":"https:\/\/www.ltwelschbillig.de\/index.php?rest_route=%2Fwp%2Fv2%2Ftags&post=3247"}],"curies":[{"name":"wp","href":"https:\/\/api.w.org\/{rel}","templated":true}]}}